{"id":3757,"date":"2024-03-26T06:56:56","date_gmt":"2024-03-26T06:56:56","guid":{"rendered":"https:\/\/spco-salzburg.org\/?p=3757"},"modified":"2026-04-15T22:54:02","modified_gmt":"2026-04-15T22:54:02","slug":"kirchenchor-st-nikolaus-von-zich-salzburg","status":"publish","type":"post","link":"https:\/\/spco-salzburg.org\/?p=3757","title":{"rendered":"Kirchenchor \u201eHl. Nikolaj von \u017di\u010da\u201c Salzburg"},"content":{"rendered":"<p><strong>Kirchenchor \u201eHl. Nikolaj von \u017di\u010da\u201c Salzburg\u00a0 \u00a0<\/strong><strong> <a href=\"https:\/\/spco-salzburg.org\/?p=3611\"><img loading=\"lazy\" decoding=\"async\" class=\"wp-image-4360 alignright\" src=\"https:\/\/spco-salzburg.org\/wp-content\/uploads\/2024\/03\/flag-round-250.png\" alt=\"\" width=\"63\" height=\"63\" srcset=\"https:\/\/spco-salzburg.org\/wp-content\/uploads\/2024\/03\/flag-round-250.png 250w, https:\/\/spco-salzburg.org\/wp-content\/uploads\/2024\/03\/flag-round-250-150x150.png 150w\" sizes=\"auto, (max-width: 63px) 100vw, 63px\" \/><\/a><\/strong><\/p>\n<p>Der Kirchenchor \u201eHl. Nikolaj von \u017di\u010da\u201c in Salzburg der Kirche zum Schutz der Allerheiligsten Gottesmutter wirkt unter dem Segen Seiner Hochw\u00fcrden, des Metropoliten von Ba\u010dka und Administrators der Di\u00f6zese \u00d6sterreich, Dr. Irinej.<br \/>\nDer Chor wurde 2020 gegr\u00fcndet und nahm seine aktive T\u00e4tigkeit 2022 auf. Bereits in dieser kurzen Zeit trat er bei der \u201eLangen Nacht der Kirchen\u201c und der \u201eLangen Nacht der Ch\u00f6re\u201c sowie bei den Vidovdan und Sankt Sava Feiern und dem Kirchenpatrozinium der serbisch-orthodoxen Gemeinde in Salzburg auf. Die Chormitglieder nahmen au\u00dferdem an der 4. Begegnung der Kirchenmusiker aus der Diaspora und der Heimat in Wien teil, die vom Zentrum der Di\u00f6zese f\u00fcr Geistliche Musik \u201eDimitrije I. Stefanovi\u0107\u201c organisiert wurde, und begleiteten zudem den Besuch Seiner Heiligkeit, des Patriarchen Porfirije, in Mauthausen.<br \/>\nMit einem Repertoire aus mehrstimmiger Chormusik und traditionellem Kirchengesang bereichert der Chor regelm\u00e4\u00dfig die Sonntags und Festliturgien.<br \/>\nSeit 2025 ist der Kirchenchor \u201eHl. Nikolaj von \u017di\u010da\u201c Mitglied des Chorverbands Salzburg.<\/p>\n<p>Dirigentin des Chores ist Mag. Sanja Brankovi\u0107.<\/p>\n<p><strong>**Wenn Sie m\u00f6chten, dass unser Kirchenchor Ihre Hochzeit, Taufe oder eine andere Feier musikalisch begleitet, kontaktieren Sie bitte:<\/strong><br \/>\n<strong>Erzpriester Dragan Eri\u0107, Kirchenvorsteher:\u00a0 +436646571233<\/strong><br \/>\n<strong>\u0435-mail: Hor.Sbg@hotmail.com<\/strong><\/p>\n<table>\n<tbody>\n<tr>\n<td width=\"155\">\n<p style=\"text-align: center;\"><strong>\u0414\u0430\u0442\u0443\u043c \/ Datum<\/strong><\/p>\n<\/td>\n<td style=\"text-align: center;\" width=\"155\"><strong>\u0414\u043e\u0433\u0430\u0452\u0430\u0458 \/ Ereignis<\/strong><\/td>\n<td style=\"text-align: center;\" width=\"155\"><strong>\u041b\u043e\u043a\u0430\u0446\u0438\u0458\u0430 \/ Ort<\/strong><\/td>\n<td width=\"155\">\n<p style=\"text-align: center;\"><strong>\u0412\u0440\u0438\u0458\u0435\u043c\u0435 \/ Zeit<\/strong><\/p>\n<\/td>\n<\/tr>\n<tr>\n<td width=\"155\">\n<p style=\"text-align: center;\">02.05.2026.<\/p>\n<\/td>\n<td width=\"155\">\n<p style=\"text-align: center;\">\u041a\u043e\u043d\u0446\u0435\u0440\u0442 \u0434\u0435\u0447\u0438\u0458\u0435\u0433 \u0438 \u043e\u0434\u0440\u0430\u0441\u043b\u043e\u0433 \u0445\u043e\u0440\u0430<\/p>\n<p style=\"text-align: center;\">&#8230;<\/p>\n<p style=\"text-align: center;\">Konzert des Kinder- und Erwachsenenchores<\/p>\n<\/td>\n<td style=\"text-align: center;\" width=\"155\">\u0425\u0440\u0430\u043c \u041f\u043e\u043a\u0440\u043e\u0432\u0430 \u041f\u0440\u0435\u0441\u0432\u0435\u0442\u0435 \u0411\u043e\u0433\u043e\u0440\u043e\u0434\u0438\u0446\u0435<br \/>\n\u2026<br \/>\nKirche des Schutzes der Allerheiligsten Gottesmutter, Salzburg<\/td>\n<td width=\"155\">\n<p style=\"text-align: center;\">19:30<\/p>\n<\/td>\n<\/tr>\n<tr>\n<td width=\"155\">\n<p style=\"text-align: center;\">03.05.2026.<\/p>\n<\/td>\n<td style=\"text-align: center;\" width=\"155\">\u0421\u043b\u0430\u0432\u0430 \u0446\u0440\u043a\u0432\u0435\u043d\u043e\u0433 \u0445\u043e\u0440\u0430 \u201e\u0421\u0432. \u041d\u0438\u043a\u043e\u043b\u0430\u0458 \u0416\u0438\u0447\u043a\u0438\u201c<br \/>\n\u2026<br \/>\nPatronatsfest des Kirchenchors \u201eHl. Nikolaj von \u017di\u010d\u0430\u201c Salzburg<\/td>\n<td style=\"text-align: center;\" width=\"155\">\u0425\u0440\u0430\u043c \u041f\u043e\u043a\u0440\u043e\u0432\u0430 \u041f\u0440\u0435\u0441\u0432\u0435\u0442\u0435 \u0411\u043e\u0433\u043e\u0440\u043e\u0434\u0438\u0446\u0435<br \/>\n\u2026<br \/>\nKirche des Schutzes der Allerheiligsten Gottesmutter, Salzburg<\/td>\n<td width=\"155\">\n<p style=\"text-align: center;\">9:00<\/p>\n<\/td>\n<\/tr>\n<tr>\n<td width=\"155\">\n<p style=\"text-align: center;\">13.05.2026.<\/p>\n<\/td>\n<td style=\"text-align: center;\" width=\"155\">\u0414\u0443\u0433\u0430 \u043d\u043e\u045b \u0445\u043e\u0440\u043e\u0432\u0430 \u201eLange Nacht der Ch\u00f6re\u201c<\/td>\n<td style=\"text-align: center;\" width=\"155\">Domkrypta, Salzburger Dom, Domplatz 1a 5020 Salzburg<\/td>\n<td style=\"text-align: center;\" width=\"155\">21:30<\/td>\n<\/tr>\n<tr>\n<td style=\"text-align: center;\" width=\"155\">30.05.2026.<\/td>\n<td style=\"text-align: center;\" width=\"155\">\u041f\u0440\u043e\u0441\u043b\u0430\u0432\u0430 \u0421\u041a\u0423\u0414-\u0430 \u201e\u0412\u0443\u0458\u0438\u045b \u041a\u043e\u0441\u0442\u0430\u201c<br \/>\n\u2026<br \/>\nFeier des SKUD \u201eVujic Kosta\u201c<\/td>\n<td style=\"text-align: center;\" width=\"155\"><\/td>\n<td width=\"155\">\n<p style=\"text-align: center;\">\n<\/td>\n<\/tr>\n<tr>\n<td width=\"155\">\n<p style=\"text-align: center;\">28.06.2026.<\/p>\n<p>&nbsp;<\/td>\n<td style=\"text-align: center;\" width=\"155\">\u0412\u0438\u0434\u043e\u0432\u0434\u0430\u043d\u0441\u043a\u0430 \u043f\u0440\u043e\u0441\u043b\u0430\u0432\u0430<br \/>\n\u2026<br \/>\nVidovdan-Feier<\/td>\n<td style=\"text-align: center;\" width=\"155\"><\/td>\n<td style=\"text-align: center;\" width=\"155\"><\/td>\n<\/tr>\n<tr>\n<td style=\"text-align: center;\" width=\"155\">18.10.2026.<\/td>\n<td style=\"text-align: center;\" width=\"155\">\u0421\u043b\u0430\u0432\u0430 \u0445\u0440\u0430\u043c\u0430 \u041f\u043e\u043a\u0440\u043e\u0432\u0430 \u041f\u0440\u0435\u0441\u0432\u0435\u0442\u0435 \u0411\u043e\u0433\u043e\u0440\u043e\u0434\u0438\u0446\u0435<\/p>\n<p style=\"text-align: center;\">\u2026<\/p>\n<p style=\"text-align: center;\">Patronatsfest der Kirche des Schutzes der Allerheiligsten Gottesmutter<\/p>\n<\/td>\n<td width=\"155\"><\/td>\n<td width=\"155\"><\/td>\n<\/tr>\n<tr>\n<td style=\"text-align: center;\" width=\"155\"><\/td>\n<td style=\"text-align: center;\" width=\"155\"><\/td>\n<td style=\"text-align: center;\" width=\"155\"><\/td>\n<td width=\"155\">\n<p style=\"text-align: center;\">\n<\/td>\n<\/tr>\n<\/tbody>\n<\/table>\n<p>&nbsp;<\/p>\n<p><strong>\u00a0<\/strong><strong>\u00a0<\/strong><strong>\u00a0<\/strong><strong>\u00a0<\/strong><strong>\u00a0<\/strong><strong>\u00a0<\/strong><\/p>\n<p><img loading=\"lazy\" decoding=\"async\" class=\" wp-image-4277 aligncenter\" src=\"https:\/\/spco-salzburg.org\/wp-content\/uploads\/2024\/12\/IMG_20250617_200819_681-300x152.jpg\" alt=\"\" width=\"700\" height=\"355\" srcset=\"https:\/\/spco-salzburg.org\/wp-content\/uploads\/2024\/12\/IMG_20250617_200819_681-300x152.jpg 300w, https:\/\/spco-salzburg.org\/wp-content\/uploads\/2024\/12\/IMG_20250617_200819_681-1024x520.jpg 1024w, https:\/\/spco-salzburg.org\/wp-content\/uploads\/2024\/12\/IMG_20250617_200819_681-768x390.jpg 768w, https:\/\/spco-salzburg.org\/wp-content\/uploads\/2024\/12\/IMG_20250617_200819_681-1536x780.jpg 1536w, https:\/\/spco-salzburg.org\/wp-content\/uploads\/2024\/12\/IMG_20250617_200819_681-2048x1040.jpg 2048w\" sizes=\"auto, (max-width: 700px) 100vw, 700px\" \/><\/p>\n<p><img loading=\"lazy\" decoding=\"async\" class=\"wp-image-4274 aligncenter\" src=\"https:\/\/spco-salzburg.org\/wp-content\/uploads\/2024\/12\/HOR-300x179.jpg\" alt=\"\" width=\"699\" height=\"417\" srcset=\"https:\/\/spco-salzburg.org\/wp-content\/uploads\/2024\/12\/HOR-300x179.jpg 300w, https:\/\/spco-salzburg.org\/wp-content\/uploads\/2024\/12\/HOR-1024x612.jpg 1024w, https:\/\/spco-salzburg.org\/wp-content\/uploads\/2024\/12\/HOR-768x459.jpg 768w, https:\/\/spco-salzburg.org\/wp-content\/uploads\/2024\/12\/HOR.jpg 1071w\" sizes=\"auto, (max-width: 699px) 100vw, 699px\" \/><\/p>\n","protected":false},"excerpt":{"rendered":"<p>Kirchenchor \u201eHl. Nikolaj von \u017di\u010da\u201c Salzburg\u00a0 \u00a0 Der Kirchenchor \u201eHl. Nikolaj von \u017di\u010da\u201c in Salzburg&#8230;<\/p>\n","protected":false},"author":1,"featured_media":4341,"comment_status":"closed","ping_status":"closed","sticky":false,"template":"","format":"standard","meta":{"footnotes":""},"categories":[16],"tags":[],"class_list":["post-3757","post","type-post","status-publish","format-standard","has-post-thumbnail","hentry","category-nekategorizirano-sr"],"_links":{"self":[{"href":"https:\/\/spco-salzburg.org\/index.php?rest_route=\/wp\/v2\/posts\/3757","targetHints":{"allow":["GET"]}}],"collection":[{"href":"https:\/\/spco-salzburg.org\/index.php?rest_route=\/wp\/v2\/posts"}],"about":[{"href":"https:\/\/spco-salzburg.org\/index.php?rest_route=\/wp\/v2\/types\/post"}],"author":[{"embeddable":true,"href":"https:\/\/spco-salzburg.org\/index.php?rest_route=\/wp\/v2\/users\/1"}],"replies":[{"embeddable":true,"href":"https:\/\/spco-salzburg.org\/index.php?rest_route=%2Fwp%2Fv2%2Fcomments&post=3757"}],"version-history":[{"count":24,"href":"https:\/\/spco-salzburg.org\/index.php?rest_route=\/wp\/v2\/posts\/3757\/revisions"}],"predecessor-version":[{"id":4465,"href":"https:\/\/spco-salzburg.org\/index.php?rest_route=\/wp\/v2\/posts\/3757\/revisions\/4465"}],"wp:featuredmedia":[{"embeddable":true,"href":"https:\/\/spco-salzburg.org\/index.php?rest_route=\/wp\/v2\/media\/4341"}],"wp:attachment":[{"href":"https:\/\/spco-salzburg.org\/index.php?rest_route=%2Fwp%2Fv2%2Fmedia&parent=3757"}],"wp:term":[{"taxonomy":"category","embeddable":true,"href":"https:\/\/spco-salzburg.org\/index.php?rest_route=%2Fwp%2Fv2%2Fcategories&post=3757"},{"taxonomy":"post_tag","embeddable":true,"href":"https:\/\/spco-salzburg.org\/index.php?rest_route=%2Fwp%2Fv2%2Ftags&post=3757"}],"curies":[{"name":"wp","href":"https:\/\/api.w.org\/{rel}","templated":true}]}}